{"id":779,"date":"2022-02-08T11:33:42","date_gmt":"2022-02-08T10:33:42","guid":{"rendered":"http:\/\/www.szigligeti.udulo.szentes.hu\/?p=779"},"modified":"2022-02-08T11:33:42","modified_gmt":"2022-02-08T10:33:42","slug":"ismet-mukodik-a-foglalo-rendszerunk","status":"publish","type":"post","link":"http:\/\/www.szigligeti.udulo.szentes.hu\/?p=779","title":{"rendered":"Ism\u00e9t m\u0171k\u00f6dik a foglal\u00f3 rendszer\u00fcnk"},"content":{"rendered":"\n<p>A m\u0171szaki hib\u00e1t az elm\u00falt h\u00e9ten sikeresen kijav\u00edtott\u00e1k, ism\u00e9t m\u0171k\u00f6dik a foglal\u00f3 rendszer\u00fcnk. V\u00e1rjuk foglal\u00e1saikat 2022. \u00e1prilis 14-t\u0151l &#8211; okt\u00f3ber 31-ig tart\u00f3 id\u0151szakra.<\/p>\n\n\n\n<p><\/p>\n","protected":false},"excerpt":{"rendered":"<p>A m\u0171szaki hib\u00e1t az elm\u00falt h\u00e9ten sikeresen kijav\u00edtott\u00e1k, ism\u00e9t m\u0171k\u00f6dik a foglal\u00f3 rendszer\u00fcnk. V\u00e1rjuk foglal\u00e1saikat 2022. \u00e1prilis 14-t\u0151l &#8211; okt\u00f3ber 31-ig tart\u00f3 id\u0151szakra.<\/p>\n","protected":false},"author":2,"featured_media":0,"comment_status":"closed","ping_status":"open","sticky":false,"template":"","format":"standard","meta":{"footnotes":""},"categories":[1],"tags":[],"_links":{"self":[{"href":"http:\/\/www.szigligeti.udulo.szentes.hu\/index.php?rest_route=\/wp\/v2\/posts\/779"}],"collection":[{"href":"http:\/\/www.szigligeti.udulo.szentes.hu\/index.php?rest_route=\/wp\/v2\/posts"}],"about":[{"href":"http:\/\/www.szigligeti.udulo.szentes.hu\/index.php?rest_route=\/wp\/v2\/types\/post"}],"author":[{"embeddable":true,"href":"http:\/\/www.szigligeti.udulo.szentes.hu\/index.php?rest_route=\/wp\/v2\/users\/2"}],"replies":[{"embeddable":true,"href":"http:\/\/www.szigligeti.udulo.szentes.hu\/index.php?rest_route=%2Fwp%2Fv2%2Fcomments&post=779"}],"version-history":[{"count":1,"href":"http:\/\/www.szigligeti.udulo.szentes.hu\/index.php?rest_route=\/wp\/v2\/posts\/779\/revisions"}],"predecessor-version":[{"id":780,"href":"http:\/\/www.szigligeti.udulo.szentes.hu\/index.php?rest_route=\/wp\/v2\/posts\/779\/revisions\/780"}],"wp:attachment":[{"href":"http:\/\/www.szigligeti.udulo.szentes.hu\/index.php?rest_route=%2Fwp%2Fv2%2Fmedia&parent=779"}],"wp:term":[{"taxonomy":"category","embeddable":true,"href":"http:\/\/www.szigligeti.udulo.szentes.hu\/index.php?rest_route=%2Fwp%2Fv2%2Fcategories&post=779"},{"taxonomy":"post_tag","embeddable":true,"href":"http:\/\/www.szigligeti.udulo.szentes.hu\/index.php?rest_route=%2Fwp%2Fv2%2Ftags&post=779"}],"curies":[{"name":"wp","href":"https:\/\/api.w.org\/{rel}","templated":true}]}}