{"id":668,"date":"2020-02-07T12:52:39","date_gmt":"2020-02-07T11:52:39","guid":{"rendered":"http:\/\/www.szigligeti.udulo.szentes.hu\/?p=668"},"modified":"2023-01-09T12:17:06","modified_gmt":"2023-01-09T11:17:06","slug":"tudnivalok-a-szallas-es-etkezes-rendelesekor","status":"publish","type":"post","link":"http:\/\/www.szigligeti.udulo.szentes.hu\/?p=668","title":{"rendered":"Tudnival\u00f3k a sz\u00e1ll\u00e1s \u00e9s \u00e9tkez\u00e9s rendel\u00e9sekor"},"content":{"rendered":"<p><strong>Sz\u00e1ll\u00e1shelyek rendel\u00e9se, elfoglal\u00e1sa<\/strong>:<\/p>\n<p>A szolg\u00e1ltat\u00e1sok <strong>megrendel\u00e9s<\/strong>e csak honlapunkon kereszt\u00fcl, <strong>a tervezett \u00e9rkez\u00e9si nap el\u0151tt minimum h\u00e1rom nappal<\/strong> lehets\u00e9ges. A megrendel\u00e9seket folyamatosan, de legk\u00e9s\u0151bb 48 \u00f3r\u00e1n bel\u00fcl visszaigazoljuk. Az \u00fcd\u00fcl\u0151 recepci\u00f3ja csak az el\u0151zetesen kiadott visszaigazol\u00e1sok szerinti \u00e9rkez\u00e9si \u00e9s t\u00e1voz\u00e1si napokon, a kif\u00fcggesztett id\u0151pontokban tart nyitva. Mivel az \u00fcd\u00fcl\u0151 nem kereskedelmi jelleg\u0171 sz\u00e1ll\u00e1shely ez\u00e9rt\u00a0foglal\u00e1skor\u00a0a szentesi \u00e1lland\u00f3 lakosokat r\u00e9szes\u00edtj\u00fck el\u0151nyben. Ebb\u0151l ad\u00f3d\u00f3an csak a szabad helyeket tudjuk \u00e9rt\u00e9kes\u00edteni a kedvezm\u00e9nyezett k\u00f6r\u00f6n k\u00edv\u00fcli vend\u00e9geink r\u00e9sz\u00e9re.\u00a0 A sz\u00e1ll\u00e1shelyeket \u00e1prilis, m\u00e1jus, szeptember \u00e9s okt\u00f3ber h\u00f3napban az \u00e9rkez\u00e9s napj\u00e1n 13-15\u00a0\u00f3r\u00e1ig, j\u00fanius, j\u00falius, augusztus h\u00f3napokban 15 &#8211; 18 \u00f3r\u00e1ig lehet elfoglalni.\u00a0 A sz\u00e1ll\u00e1shelyeket az \u00e1tvett kulcsokkal, eszk\u00f6z\u00f6kkel egy\u00fctt a t\u00e1voz\u00e1s napj\u00e1n 9 \u00f3r\u00e1ig az \u00fcd\u00fcl\u0151 gondnok\u00e1nak \u00e1t kell adni.<\/p>\n<p><strong>\u00c9tkez\u00e9s<\/strong>:<\/p>\n<p><strong>2023. \u00e9vi szezonban az \u00e9tkeztet\u00e9si szolg\u00e1ltat\u00e1st sz\u00fcneteltetj\u00fck. <\/strong><\/p>\n<p>Egy\u00e9b esetben \u00fcd\u00fcl\u0151ben a sz\u00e1ll\u00e1shoz adagolt reggelit vagy b\u00fcf\u00e9reggelit biztos\u00edtunk m\u00e1jus 1 &#8211; augusztus 31-ig terjed\u0151 id\u0151szakra abban az esetben, ha a fajt\u00e1nk\u00e9nti ig\u00e9ny el\u00e9ri a napi minimum 20 adagot. A k\u00fcl\u00f6nleges ig\u00e9nyeket (\u00e9telallergi\u00e1s, veget\u00e1ri\u00e1nus, veg\u00e1n, stb) nem tudjuk teljes\u00edteni. Egy\u00e9b \u00e9tkez\u00e9si ig\u00e9ny eset\u00e9n aj\u00e1nljuk a helyi \u00e9ttermek, vagy az \u00e9telkisz\u00e1ll\u00edt\u00f3 c\u00e9gek seg\u00edts\u00e9g\u00e9t.<\/p>\n<p>Reggeliz\u00e9si id\u0151pontok: adagolt reggeli 8:00-8:20 \u00f3ra, b\u00fcf\u00e9reggeli: 8:20 \u2013 9:00 \u00f3ra. Javasoljuk, hogy az \u00e9teleket az \u00e9tkez\u00e9sek kezd\u0151 id\u0151pontj\u00e1ban vegy\u00e9k \u00e1t, hogy azt a legjobb min\u0151s\u00e9gben tudj\u00e1k elfogyasztani. A fenti id\u0151pontokt\u00f3l elt\u00e9r\u0151 id\u0151pontban t\u00f6rt\u00e9n\u0151 \u00e9tkez\u00e9sre az \u00fcd\u00fcl\u0151ben nincs lehet\u0151s\u00e9g. K\u00e9rj\u00fck, hogy ezt a megrendel\u00e9skor \u00e9s programjaik tervez\u00e9sekor vegy\u00e9k figyelembe.<\/p>\n<p>A megrendelt \u00e9s ig\u00e9nybe vett szolg\u00e1ltat\u00e1s \u00e9rt\u00e9k\u00e9t legk\u00e9s\u0151bb a t\u00e1voz\u00e1s napj\u00e1n ki kell egyenl\u00edteni.<\/p>\n<p><strong>Alkalmazhat\u00f3 fizet\u00e9sm\u00f3dok<\/strong>:<\/p>\n<p>Bankk\u00e1rtya\/hitelk\u00e1rtya, OTP, MKB, K&amp;H SZ\u00c9P K\u00e1rtya, El\u0151re utal\u00e1s, K\u00e9szp\u00e9nz<\/p>\n<p>Kellemes pihen\u00e9st \u00e9s sz\u00e9p \u00e9lm\u00e9nyeket k\u00edv\u00e1nunk!<\/p>\n","protected":false},"excerpt":{"rendered":"<p>Sz\u00e1ll\u00e1shelyek rendel\u00e9se, elfoglal\u00e1sa: A szolg\u00e1ltat\u00e1sok megrendel\u00e9se csak honlapunkon kereszt\u00fcl, a tervezett \u00e9rkez\u00e9si nap el\u0151tt minimum h\u00e1rom nappal lehets\u00e9ges. A megrendel\u00e9seket folyamatosan, de legk\u00e9s\u0151bb 48 \u00f3r\u00e1n bel\u00fcl visszaigazoljuk. Az \u00fcd\u00fcl\u0151 recepci\u00f3ja csak az el\u0151zetesen kiadott visszaigazol\u00e1sok szerinti \u00e9rkez\u00e9si \u00e9s t\u00e1voz\u00e1si napokon, &hellip; <a href=\"http:\/\/www.szigligeti.udulo.szentes.hu\/?p=668\">Egy kattint\u00e1s ide a folytat\u00e1shoz&#8230;. <span class=\"meta-nav\">&rarr;<\/span><\/a><\/p>\n","protected":false},"author":2,"featured_media":0,"comment_status":"closed","ping_status":"open","sticky":false,"template":"","format":"standard","meta":{"footnotes":""},"categories":[1],"tags":[],"_links":{"self":[{"href":"http:\/\/www.szigligeti.udulo.szentes.hu\/index.php?rest_route=\/wp\/v2\/posts\/668"}],"collection":[{"href":"http:\/\/www.szigligeti.udulo.szentes.hu\/index.php?rest_route=\/wp\/v2\/posts"}],"about":[{"href":"http:\/\/www.szigligeti.udulo.szentes.hu\/index.php?rest_route=\/wp\/v2\/types\/post"}],"author":[{"embeddable":true,"href":"http:\/\/www.szigligeti.udulo.szentes.hu\/index.php?rest_route=\/wp\/v2\/users\/2"}],"replies":[{"embeddable":true,"href":"http:\/\/www.szigligeti.udulo.szentes.hu\/index.php?rest_route=%2Fwp%2Fv2%2Fcomments&post=668"}],"version-history":[{"count":5,"href":"http:\/\/www.szigligeti.udulo.szentes.hu\/index.php?rest_route=\/wp\/v2\/posts\/668\/revisions"}],"predecessor-version":[{"id":788,"href":"http:\/\/www.szigligeti.udulo.szentes.hu\/index.php?rest_route=\/wp\/v2\/posts\/668\/revisions\/788"}],"wp:attachment":[{"href":"http:\/\/www.szigligeti.udulo.szentes.hu\/index.php?rest_route=%2Fwp%2Fv2%2Fmedia&parent=668"}],"wp:term":[{"taxonomy":"category","embeddable":true,"href":"http:\/\/www.szigligeti.udulo.szentes.hu\/index.php?rest_route=%2Fwp%2Fv2%2Fcategories&post=668"},{"taxonomy":"post_tag","embeddable":true,"href":"http:\/\/www.szigligeti.udulo.szentes.hu\/index.php?rest_route=%2Fwp%2Fv2%2Ftags&post=668"}],"curies":[{"name":"wp","href":"https:\/\/api.w.org\/{rel}","templated":true}]}}