{"id":261,"date":"2013-09-29T18:28:49","date_gmt":"2013-09-29T16:28:49","guid":{"rendered":"http:\/\/www.szigligeti.udulo.szentes.hu\/?p=261"},"modified":"2013-09-29T18:28:49","modified_gmt":"2013-09-29T16:28:49","slug":"szigliget-2013-kalmar-gyorgy-kisfilmje","status":"publish","type":"post","link":"http:\/\/www.szigligeti.udulo.szentes.hu\/?p=261","title":{"rendered":"Szigliget 2013. Kalm\u00e1r Gy\u00f6rgy kisfilmje"},"content":{"rendered":"<p>A Szigligetet bemutat\u00f3 kisfilm az al\u00e1bbi linken el\u00e9rhet\u0151:<\/p>\n<p><a href=\"http:\/\/www.youtube.com\/watch?v=ScEQ3mlyjPQ\">http:\/\/www.youtube.com\/watch?v=ScEQ3mlyjPQ<\/a><\/p>\n","protected":false},"excerpt":{"rendered":"<p>A Szigligetet bemutat\u00f3 kisfilm az al\u00e1bbi linken el\u00e9rhet\u0151: http:\/\/www.youtube.com\/watch?v=ScEQ3mlyjPQ<\/p>\n","protected":false},"author":2,"featured_media":0,"comment_status":"closed","ping_status":"open","sticky":false,"template":"","format":"standard","meta":{"footnotes":""},"categories":[1],"tags":[],"_links":{"self":[{"href":"http:\/\/www.szigligeti.udulo.szentes.hu\/index.php?rest_route=\/wp\/v2\/posts\/261"}],"collection":[{"href":"http:\/\/www.szigligeti.udulo.szentes.hu\/index.php?rest_route=\/wp\/v2\/posts"}],"about":[{"href":"http:\/\/www.szigligeti.udulo.szentes.hu\/index.php?rest_route=\/wp\/v2\/types\/post"}],"author":[{"embeddable":true,"href":"http:\/\/www.szigligeti.udulo.szentes.hu\/index.php?rest_route=\/wp\/v2\/users\/2"}],"replies":[{"embeddable":true,"href":"http:\/\/www.szigligeti.udulo.szentes.hu\/index.php?rest_route=%2Fwp%2Fv2%2Fcomments&post=261"}],"version-history":[{"count":1,"href":"http:\/\/www.szigligeti.udulo.szentes.hu\/index.php?rest_route=\/wp\/v2\/posts\/261\/revisions"}],"predecessor-version":[{"id":262,"href":"http:\/\/www.szigligeti.udulo.szentes.hu\/index.php?rest_route=\/wp\/v2\/posts\/261\/revisions\/262"}],"wp:attachment":[{"href":"http:\/\/www.szigligeti.udulo.szentes.hu\/index.php?rest_route=%2Fwp%2Fv2%2Fmedia&parent=261"}],"wp:term":[{"taxonomy":"category","embeddable":true,"href":"http:\/\/www.szigligeti.udulo.szentes.hu\/index.php?rest_route=%2Fwp%2Fv2%2Fcategories&post=261"},{"taxonomy":"post_tag","embeddable":true,"href":"http:\/\/www.szigligeti.udulo.szentes.hu\/index.php?rest_route=%2Fwp%2Fv2%2Ftags&post=261"}],"curies":[{"name":"wp","href":"https:\/\/api.w.org\/{rel}","templated":true}]}}